[{"@context":"https:\/\/schema.org\/","@type":"Article","@id":"https:\/\/www.innovatio.cz\/stin\/#Article","mainEntityOfPage":"https:\/\/www.innovatio.cz\/stin\/","headline":"St\u00edn","name":"St\u00edn","description":"Musel uznat, \u017ee instalace d\u0159ev\u011bn\u00fdch venkovn\u00edch \u017ealuzi\u00ed na v\u0161echna okna v prvn\u00edm pat\u0159e byl skv\u011bl\u00fd n\u00e1pad. Vypadalo to stylov\u011b a&hellip;","datePublished":"2024-12-23","dateModified":"2024-12-23","author":{"@type":"Person","@id":"https:\/\/www.innovatio.cz\/author\/#Person","name":"","url":"https:\/\/www.innovatio.cz\/author\/","identifier":1,"image":{"@type":"ImageObject","@id":"https:\/\/secure.gravatar.com\/avatar\/b86e461e91a792eb6523c2667396c9868de382fea5dd80e25dc0d9e030173b65?s=96&d=mm&r=g","url":"https:\/\/secure.gravatar.com\/avatar\/b86e461e91a792eb6523c2667396c9868de382fea5dd80e25dc0d9e030173b65?s=96&d=mm&r=g","height":96,"width":96}},"publisher":{"@type":"Organization","name":"innovatio.cz","logo":{"@type":"ImageObject","@id":"\/logo.png","url":"\/logo.png","width":600,"height":60}},"url":"https:\/\/www.innovatio.cz\/stin\/","wordCount":163,"articleBody":"Musel uznat, \u017ee instalace d\u0159ev\u011bn\u00fdch venkovn\u00edch \u017ealuzi\u00ed na v\u0161echna okna v prvn\u00edm pat\u0159e byl skv\u011bl\u00fd n\u00e1pad. Vypadalo to stylov\u011b a nav\u00edc to bylo praktick\u00e9. Zabr\u00e1nily nejenom sv\u011btlu, aby vnikalo dovnit\u0159 budovy, ale tak\u00e9 teplu. D\u0159evo a\u017e podivn\u011b chladilo cel\u00e9 spodn\u00ed patro v l\u00e9t\u011b a vyh\u0159\u00edvalo v zim\u011b, pro Vladislava to byl po\u0159\u00e1d je\u0161t\u011b nepochopiteln\u00fd konstrukt. Ale byl r\u00e1d, \u017ee se svou \u017eenou nechal p\u0159esv\u011bd\u010dit. Pracovna Jeho pracovna te\u010f byla je\u0161t\u011b \u00fatuln\u011bj\u0161\u00ed, kdy\u017e si zde mohl vytvo\u0159it \u0161ero i v letn\u00edm poledni. Hodilo se to, nebo\u0165 byl a\u017e p lokty zabo\u0159en\u00fd ve sc\u00e9n\u00e1\u0159i, kter\u00fd musel dokon\u010dit do dvou m\u011bs\u00edc\u016f \u2013 pak se za\u010d\u00ednalo nat\u00e1\u010det. Re\u017eis\u00e9r mu vol\u00e1 i \u010dty\u0159ikr\u00e1t denn\u011b, aby se zeptal na nejmen\u0161\u00ed pokrok, jak\u00fd Vladim\u00edr ud\u011blal. Vlastn\u011b ho to jenom znerv\u00f3z\u0148ovalo.                                                                                                                                                                                                                                                                                                                                                                                                "},{"@context":"https:\/\/schema.org\/","@type":"BreadcrumbList","itemListElement":[{"@type":"ListItem","position":1,"name":"St\u00edn","item":"https:\/\/www.innovatio.cz\/stin\/#breadcrumbitem"}]}]