[{"@context":"https:\/\/schema.org\/","@type":"Article","@id":"https:\/\/www.innovatio.cz\/odpocinte-si-od-veder\/#Article","mainEntityOfPage":"https:\/\/www.innovatio.cz\/odpocinte-si-od-veder\/","headline":"Odpo\u010di\u0148te si od veder","name":"Odpo\u010di\u0148te si od veder","description":"L\u00e9to je ro\u010dn\u00edm obdob\u00edm, kter\u00e9 p\u0159in\u00e1\u0161\u00ed mnoho r\u016fzn\u00fdch radost\u00ed a z\u00e1bavn\u00fdch chvil. M\u016f\u017ee za to p\u0159edev\u0161\u00edm po\u010das\u00ed, kter\u00e9 b\u011bhem tohoto&hellip;","datePublished":"2017-04-06","dateModified":"2023-06-06","author":{"@type":"Person","@id":"https:\/\/www.innovatio.cz\/author\/#Person","name":"","url":"https:\/\/www.innovatio.cz\/author\/","identifier":1,"image":{"@type":"ImageObject","@id":"https:\/\/secure.gravatar.com\/avatar\/b86e461e91a792eb6523c2667396c9868de382fea5dd80e25dc0d9e030173b65?s=96&d=mm&r=g","url":"https:\/\/secure.gravatar.com\/avatar\/b86e461e91a792eb6523c2667396c9868de382fea5dd80e25dc0d9e030173b65?s=96&d=mm&r=g","height":96,"width":96}},"publisher":{"@type":"Organization","name":"innovatio.cz","logo":{"@type":"ImageObject","@id":"\/logo.png","url":"\/logo.png","width":600,"height":60}},"image":{"@type":"ImageObject","@id":"https:\/\/www.innovatio.cz\/wp-content\/uploads\/img_a286572_w2095_t1496154371.png","url":"https:\/\/www.innovatio.cz\/wp-content\/uploads\/img_a286572_w2095_t1496154371.png","height":0,"width":0},"url":"https:\/\/www.innovatio.cz\/odpocinte-si-od-veder\/","about":["Pen\u00edze"],"wordCount":372,"articleBody":"    L\u00e9to je ro\u010dn\u00edm obdob\u00edm, kter\u00e9 p\u0159in\u00e1\u0161\u00ed mnoho r\u016fzn\u00fdch radost\u00ed a z\u00e1bavn\u00fdch chvil. M\u016f\u017ee za to p\u0159edev\u0161\u00edm po\u010das\u00ed, kter\u00e9 b\u011bhem tohoto ro\u010dn\u00edho obdob\u00ed panuje. Vysok\u00e9 teploty jsou ov\u0161em pro mnoh\u00e9 n\u011b\u010d\u00edm velice nep\u0159\u00edjemn\u00fdm. Nejhor\u0161\u00ed je, kdy\u017e se \u010dlov\u011bk p\u0159ed vedry nedok\u00e1\u017ee nikde ukr\u00fdt a mus\u00ed se s nimi pot\u00fdkat dennodenn\u011b, dokonce i ve svoj\u00ed dom\u00e1cnosti. Takov\u00e1 situace m\u00e1 ale velice efektivn\u00ed \u0159e\u0161en\u00ed. T\u00edmto \u0159e\u0161en\u00edm je po\u0159\u00edzen\u00ed klimatizace, se kterou je spokojeno opravdu velk\u00e9 mno\u017estv\u00ed jedinc\u016f. Vychla\u010fte sv\u00e9 bydlen\u00ed na tu spr\u00e1vnou teplotu D\u00edky tomuto za\u0159\u00edzen\u00ed budete moct v\u017edy svoje bydlen\u00ed vychladit na tu spr\u00e1vnou teplotu, tak\u017ee si doma od veder odpo\u010dinete a budete se c\u00edtit mnohem p\u0159\u00edjemn\u011bji, co\u017e je samoz\u0159ejm\u011b velice d\u016fle\u017eit\u00e9. Je ale dobr\u00e9 myslet na to, \u017ee se jedn\u00e1 p\u0159eci jenom o za\u0159\u00edzen\u00ed, kter\u00e9 vy\u017eaduje ur\u010ditou p\u00e9\u010di, a proto nikdy nen\u00ed od v\u011bci jej sv\u011b\u0159it do rukou zku\u0161en\u00fdch odborn\u00edk\u016f, kte\u0159\u00ed moc dob\u0159e v\u011bc\u00ed, co zrovna d\u011blaj\u00ed. D\u00edky tomu se v\u017edy do\u010dk\u00e1te takov\u00fdch v\u00fdsledk\u016f, se kter\u00fdmi budete spokojeni, proto\u017ee v\u0161e bude fungovat tak, jak by to fungovat m\u011blo.Spolehn\u011bte se na skute\u010dnou spolehlivost Pokud tedy chcete m\u00edt jistotu, \u017ee v\u0161e funguje tak, jak by to fungovat m\u011blo, zaru\u010den\u011b by V\u00e1m mohl padnout do oka servis klimatizace Praha, kter\u00fd u\u017e se postar\u00e1 o to, aby i Va\u0161e za\u0159\u00edzen\u00ed fungovalo bez probl\u00e9m\u016f a Vy jste se na n\u011bj mohli spolehnout za ka\u017ed\u00e9 situace. To je samoz\u0159ejm\u011b velice d\u016fle\u017eit\u00e9 a nen\u00ed dobr\u00e9 zapom\u00ednat na to, \u017ee pravideln\u00e1 \u00fadr\u017eba je n\u011b\u010d\u00edm, co by nem\u011blo b\u00fdt podce\u0148ov\u00e1no. Vyhnete se tak mnoha nep\u0159\u00edjemn\u00fdm probl\u00e9m\u016fm, se kter\u00fdmi byste se jinak museli pot\u00fdkat, co\u017e by zaru\u010den\u011b nebylo zrovna p\u0159\u00edjemn\u00e9. Proto rad\u011bji dop\u0159\u00e1vejte klimatizaci v\u017edy tu nejlep\u0161\u00ed p\u00e9\u010di.                                                                                                                                                                                                                                                                                                                                                                                                 "},{"@context":"https:\/\/schema.org\/","@type":"BreadcrumbList","itemListElement":[{"@type":"ListItem","position":1,"name":"Odpo\u010di\u0148te si od veder","item":"https:\/\/www.innovatio.cz\/odpocinte-si-od-veder\/#breadcrumbitem"}]}]